{"id":1022,"date":"2024-09-05T09:00:02","date_gmt":"2024-09-05T12:00:02","guid":{"rendered":"https:\/\/plazacolonia.com.uy\/plaza\/?p=1022"},"modified":"2024-09-05T10:21:53","modified_gmt":"2024-09-05T13:21:53","slug":"hanna-y-su-debut-en-francia","status":"publish","type":"post","link":"https:\/\/plazacolonia.com.uy\/plaza\/2024\/09\/05\/hanna-y-su-debut-en-francia\/","title":{"rendered":"Hanna y su debut en Francia"},"content":{"rendered":"\n<p>Nuestra nadadora hizo su debut en los Juegos Paral\u00edmpicos 2024. Donde ya corri\u00f3 los 100 metros libres, logrando superar su propia marca en la prueba<\/p>\n\n\n\n<p>Destac\u00e1ndose por su temprana edad en competencias de tal magnitud, sin duda alguna un presente y futuro prometedor!<\/p>\n\n\n\n<p>Ahora su pr\u00f3xima carrera ser\u00e1 este viernes 6 de septiembre a las 5:25am.<\/p>\n","protected":false},"excerpt":{"rendered":"<p>Nuestra nadadora hizo su debut en los Juegos Paral\u00edmpicos 2024. Donde ya corri\u00f3 los 100 metros libres, logrando superar su propia marca en la prueba Destac\u00e1ndose por su temprana edad en competencias de tal magnitud, sin duda alguna un presente y futuro prometedor! Ahora su pr\u00f3xima carrera ser\u00e1 este viernes 6 de septiembre a las [&hellip;]<\/p>\n","protected":false},"author":2,"featured_media":1023,"comment_status":"open","ping_status":"open","sticky":false,"template":"","format":"standard","meta":{"footnotes":""},"categories":[1,3,12],"tags":[],"class_list":["post-1022","post","type-post","status-publish","format-standard","has-post-thumbnail","hentry","category-blog","category-novedades","category-piscina"],"jetpack_sharing_enabled":true,"jetpack_featured_media_url":"https:\/\/plazacolonia.com.uy\/plaza\/wp-content\/uploads\/2024\/09\/Hanna-3-1-scaled.jpg","_links":{"self":[{"href":"https:\/\/plazacolonia.com.uy\/plaza\/wp-json\/wp\/v2\/posts\/1022","targetHints":{"allow":["GET"]}}],"collection":[{"href":"https:\/\/plazacolonia.com.uy\/plaza\/wp-json\/wp\/v2\/posts"}],"about":[{"href":"https:\/\/plazacolonia.com.uy\/plaza\/wp-json\/wp\/v2\/types\/post"}],"author":[{"embeddable":true,"href":"https:\/\/plazacolonia.com.uy\/plaza\/wp-json\/wp\/v2\/users\/2"}],"replies":[{"embeddable":true,"href":"https:\/\/plazacolonia.com.uy\/plaza\/wp-json\/wp\/v2\/comments?post=1022"}],"version-history":[{"count":1,"href":"https:\/\/plazacolonia.com.uy\/plaza\/wp-json\/wp\/v2\/posts\/1022\/revisions"}],"predecessor-version":[{"id":1024,"href":"https:\/\/plazacolonia.com.uy\/plaza\/wp-json\/wp\/v2\/posts\/1022\/revisions\/1024"}],"wp:featuredmedia":[{"embeddable":true,"href":"https:\/\/plazacolonia.com.uy\/plaza\/wp-json\/wp\/v2\/media\/1023"}],"wp:attachment":[{"href":"https:\/\/plazacolonia.com.uy\/plaza\/wp-json\/wp\/v2\/media?parent=1022"}],"wp:term":[{"taxonomy":"category","embeddable":true,"href":"https:\/\/plazacolonia.com.uy\/plaza\/wp-json\/wp\/v2\/categories?post=1022"},{"taxonomy":"post_tag","embeddable":true,"href":"https:\/\/plazacolonia.com.uy\/plaza\/wp-json\/wp\/v2\/tags?post=1022"}],"curies":[{"name":"wp","href":"https:\/\/api.w.org\/{rel}","templated":true}]}}