{"id":1027,"date":"2024-09-18T12:25:10","date_gmt":"2024-09-18T15:25:10","guid":{"rendered":"https:\/\/plazacolonia.com.uy\/plaza\/?p=1027"},"modified":"2024-09-18T12:25:11","modified_gmt":"2024-09-18T15:25:11","slug":"otra-noche-boxeo","status":"publish","type":"post","link":"https:\/\/plazacolonia.com.uy\/plaza\/2024\/09\/18\/otra-noche-boxeo\/","title":{"rendered":"OTRA NOCHE BOXEO"},"content":{"rendered":"\n<p>El boxeador coloniense Esequiel Alallon protagonizar\u00e1 la pelea de fondo en el Campus de Maldonado.<\/p>\n\n\n\n<p>Este pr\u00f3ximo domingo 22 de septiembre, desde las 19 hrs se desarrollar\u00e1 una velada de boxeo profesional en el Campus de Maldonado. La pelea de fondo ser\u00e1 protagonizada por el invicto local, el joven Joaqu\u00edn Silva Faccio y el boxeador de Plaza Colonia Esequiel Alallon en la categor\u00eda ligero, en combate pactado a 6 rounds. Este ser\u00e1 el segundo combate en el campo rentado para el pupilo de Juan Prandi, luego de su debut con triunfo en el profesionalismo ante el tambi\u00e9n fernandino Agustin Vera. La velada tambi\u00e9n tendr\u00e1 la presencia de los boxeadores albiverdes Ihan Vieito y Lucas Perdomo, tras sus respectivos estrenos con triunfo en el pasado mes de mayo en el club coloniense.<\/p>\n","protected":false},"excerpt":{"rendered":"<p>El boxeador coloniense Esequiel Alallon protagonizar\u00e1 la pelea de fondo en el Campus de Maldonado. Este pr\u00f3ximo domingo 22 de septiembre, desde las 19 hrs se desarrollar\u00e1 una velada de boxeo profesional en el Campus de Maldonado. La pelea de fondo ser\u00e1 protagonizada por el invicto local, el joven Joaqu\u00edn Silva Faccio y el boxeador [&hellip;]<\/p>\n","protected":false},"author":2,"featured_media":1028,"comment_status":"open","ping_status":"open","sticky":false,"template":"","format":"standard","meta":{"footnotes":""},"categories":[8,3],"tags":[],"class_list":["post-1027","post","type-post","status-publish","format-standard","has-post-thumbnail","hentry","category-boxeo","category-novedades"],"jetpack_sharing_enabled":true,"jetpack_featured_media_url":"https:\/\/plazacolonia.com.uy\/plaza\/wp-content\/uploads\/2024\/09\/4d86d8eb-e227-46f3-97ba-8e5927b4f770.jpeg","_links":{"self":[{"href":"https:\/\/plazacolonia.com.uy\/plaza\/wp-json\/wp\/v2\/posts\/1027","targetHints":{"allow":["GET"]}}],"collection":[{"href":"https:\/\/plazacolonia.com.uy\/plaza\/wp-json\/wp\/v2\/posts"}],"about":[{"href":"https:\/\/plazacolonia.com.uy\/plaza\/wp-json\/wp\/v2\/types\/post"}],"author":[{"embeddable":true,"href":"https:\/\/plazacolonia.com.uy\/plaza\/wp-json\/wp\/v2\/users\/2"}],"replies":[{"embeddable":true,"href":"https:\/\/plazacolonia.com.uy\/plaza\/wp-json\/wp\/v2\/comments?post=1027"}],"version-history":[{"count":1,"href":"https:\/\/plazacolonia.com.uy\/plaza\/wp-json\/wp\/v2\/posts\/1027\/revisions"}],"predecessor-version":[{"id":1029,"href":"https:\/\/plazacolonia.com.uy\/plaza\/wp-json\/wp\/v2\/posts\/1027\/revisions\/1029"}],"wp:featuredmedia":[{"embeddable":true,"href":"https:\/\/plazacolonia.com.uy\/plaza\/wp-json\/wp\/v2\/media\/1028"}],"wp:attachment":[{"href":"https:\/\/plazacolonia.com.uy\/plaza\/wp-json\/wp\/v2\/media?parent=1027"}],"wp:term":[{"taxonomy":"category","embeddable":true,"href":"https:\/\/plazacolonia.com.uy\/plaza\/wp-json\/wp\/v2\/categories?post=1027"},{"taxonomy":"post_tag","embeddable":true,"href":"https:\/\/plazacolonia.com.uy\/plaza\/wp-json\/wp\/v2\/tags?post=1027"}],"curies":[{"name":"wp","href":"https:\/\/api.w.org\/{rel}","templated":true}]}}