{"id":1040,"date":"2024-10-14T10:15:55","date_gmt":"2024-10-14T13:15:55","guid":{"rendered":"https:\/\/plazacolonia.com.uy\/plaza\/?p=1040"},"modified":"2024-10-14T10:15:55","modified_gmt":"2024-10-14T13:15:55","slug":"justo-en-el-blanco-2","status":"publish","type":"post","link":"https:\/\/plazacolonia.com.uy\/plaza\/2024\/10\/14\/justo-en-el-blanco-2\/","title":{"rendered":"Justo en el Blanco"},"content":{"rendered":"\n<p>Sara Mediza y una performance intratable! Nuestra arquera particip\u00f3 del 3er Torneo Outdoor 2024 en Raso Senior Femenino y se subi\u00f3 a lo m\u00e1s alto del podio.<\/p>\n\n\n\n<p>Sin duda alguna un s\u00e1bado con mucho que hablar, ya que adem\u00e1s de traerse el oro, se obtuvo el R\u00e9cord Nacional, sumando un total de 501 puntos en la etapa<\/p>\n\n\n\n<p>Lauro muy merecido a todo el equipo de arquer\u00eda, ha sido un a\u00f1o de cambios y crecimiento a nivel extraordinario de esta sub comisi\u00f3n!<\/p>\n\n\n\n<p>Salud Equipo!<\/p>\n\n\n\n<p><\/p>\n","protected":false},"excerpt":{"rendered":"<p>Sara Mediza y una performance intratable! Nuestra arquera particip\u00f3 del 3er Torneo Outdoor 2024 en Raso Senior Femenino y se subi\u00f3 a lo m\u00e1s alto del podio. Sin duda alguna un s\u00e1bado con mucho que hablar, ya que adem\u00e1s de traerse el oro, se obtuvo el R\u00e9cord Nacional, sumando un total de 501 puntos en [&hellip;]<\/p>\n","protected":false},"author":2,"featured_media":1041,"comment_status":"open","ping_status":"open","sticky":false,"template":"","format":"standard","meta":{"footnotes":""},"categories":[4,1,3],"tags":[],"class_list":["post-1040","post","type-post","status-publish","format-standard","has-post-thumbnail","hentry","category-arqueria","category-blog","category-novedades"],"jetpack_sharing_enabled":true,"jetpack_featured_media_url":"https:\/\/plazacolonia.com.uy\/plaza\/wp-content\/uploads\/2024\/10\/Imagen-de-WhatsApp-2024-10-14-a-las-10.04.57_dd3a50e4.jpg","_links":{"self":[{"href":"https:\/\/plazacolonia.com.uy\/plaza\/wp-json\/wp\/v2\/posts\/1040","targetHints":{"allow":["GET"]}}],"collection":[{"href":"https:\/\/plazacolonia.com.uy\/plaza\/wp-json\/wp\/v2\/posts"}],"about":[{"href":"https:\/\/plazacolonia.com.uy\/plaza\/wp-json\/wp\/v2\/types\/post"}],"author":[{"embeddable":true,"href":"https:\/\/plazacolonia.com.uy\/plaza\/wp-json\/wp\/v2\/users\/2"}],"replies":[{"embeddable":true,"href":"https:\/\/plazacolonia.com.uy\/plaza\/wp-json\/wp\/v2\/comments?post=1040"}],"version-history":[{"count":1,"href":"https:\/\/plazacolonia.com.uy\/plaza\/wp-json\/wp\/v2\/posts\/1040\/revisions"}],"predecessor-version":[{"id":1042,"href":"https:\/\/plazacolonia.com.uy\/plaza\/wp-json\/wp\/v2\/posts\/1040\/revisions\/1042"}],"wp:featuredmedia":[{"embeddable":true,"href":"https:\/\/plazacolonia.com.uy\/plaza\/wp-json\/wp\/v2\/media\/1041"}],"wp:attachment":[{"href":"https:\/\/plazacolonia.com.uy\/plaza\/wp-json\/wp\/v2\/media?parent=1040"}],"wp:term":[{"taxonomy":"category","embeddable":true,"href":"https:\/\/plazacolonia.com.uy\/plaza\/wp-json\/wp\/v2\/categories?post=1040"},{"taxonomy":"post_tag","embeddable":true,"href":"https:\/\/plazacolonia.com.uy\/plaza\/wp-json\/wp\/v2\/tags?post=1040"}],"curies":[{"name":"wp","href":"https:\/\/api.w.org\/{rel}","templated":true}]}}