{"id":118,"date":"2024-01-23T18:43:53","date_gmt":"2024-01-23T17:43:53","guid":{"rendered":"https:\/\/plazacolonia.com.uy\/plaza\/?p=118"},"modified":"2024-01-26T22:14:23","modified_gmt":"2024-01-26T21:14:23","slug":"dale-campeon-2","status":"publish","type":"post","link":"https:\/\/plazacolonia.com.uy\/plaza\/2024\/01\/23\/dale-campeon-2\/","title":{"rendered":"ESEQUIEL ALALLON ES PROFESIONAL"},"content":{"rendered":"\n<p>El p\u00fagil entrenado por Juan Prendi estuvo acompa\u00f1ado en esta oportunidad por nuestro Campe\u00f3n Sudamericano Rub\u00e9n \u00abMariachi\u00bb Casero, y realiz\u00f3 rounds de sparrings con los tambi\u00e9n profesionales Lucas Fern\u00e1ndez y Nicol\u00e1s Pereyra, cumpli\u00e9ndolos de forma exitosa. De esta forma Esequiel se transforma en el cuarto boxeador profesional que ha dado el departamento junto al coloniense Mariachi Casero, la lacacina Katia Alvari\u00f1o y el rosarino Mat\u00edas Ferreira, todos ellos representando a nuestro club al momento de dar el paso al profesionalismo. El debut del coloniense Alallon en el campo rentado se dar\u00e1 en los primeros meses del 2024 en velada que se desarrollar\u00e1 en nuestra instituci\u00f3n.<\/p>\n\n\n\n<p><strong>\u00a1Felicitaciones Ese!<\/strong><\/p>\n","protected":false},"excerpt":{"rendered":"<p>Nuestro boxeador y entrenador de la clase para ni\u00f1os, Esequiel Alallon, se convirti\u00f3 en profesional el pasado 22 de noviembre, cuando en el CEDEC (Centro de Entrenamiento de deportes de Combate) de Montevideo, aprob\u00f3 la prueba de suficiencia para pasar al campo rentado de la Federaci\u00f3n Uruguaya de Boxeo.<\/p>\n","protected":false},"author":2,"featured_media":123,"comment_status":"closed","ping_status":"open","sticky":false,"template":"","format":"standard","meta":{"footnotes":""},"categories":[8,5,15,3],"tags":[],"class_list":["post-118","post","type-post","status-publish","format-standard","has-post-thumbnail","hentry","category-boxeo","category-deportes","category-destadas","category-novedades"],"jetpack_sharing_enabled":true,"jetpack_featured_media_url":"https:\/\/plazacolonia.com.uy\/plaza\/wp-content\/uploads\/2024\/01\/news-47.jpg","_links":{"self":[{"href":"https:\/\/plazacolonia.com.uy\/plaza\/wp-json\/wp\/v2\/posts\/118","targetHints":{"allow":["GET"]}}],"collection":[{"href":"https:\/\/plazacolonia.com.uy\/plaza\/wp-json\/wp\/v2\/posts"}],"about":[{"href":"https:\/\/plazacolonia.com.uy\/plaza\/wp-json\/wp\/v2\/types\/post"}],"author":[{"embeddable":true,"href":"https:\/\/plazacolonia.com.uy\/plaza\/wp-json\/wp\/v2\/users\/2"}],"replies":[{"embeddable":true,"href":"https:\/\/plazacolonia.com.uy\/plaza\/wp-json\/wp\/v2\/comments?post=118"}],"version-history":[{"count":8,"href":"https:\/\/plazacolonia.com.uy\/plaza\/wp-json\/wp\/v2\/posts\/118\/revisions"}],"predecessor-version":[{"id":327,"href":"https:\/\/plazacolonia.com.uy\/plaza\/wp-json\/wp\/v2\/posts\/118\/revisions\/327"}],"wp:featuredmedia":[{"embeddable":true,"href":"https:\/\/plazacolonia.com.uy\/plaza\/wp-json\/wp\/v2\/media\/123"}],"wp:attachment":[{"href":"https:\/\/plazacolonia.com.uy\/plaza\/wp-json\/wp\/v2\/media?parent=118"}],"wp:term":[{"taxonomy":"category","embeddable":true,"href":"https:\/\/plazacolonia.com.uy\/plaza\/wp-json\/wp\/v2\/categories?post=118"},{"taxonomy":"post_tag","embeddable":true,"href":"https:\/\/plazacolonia.com.uy\/plaza\/wp-json\/wp\/v2\/tags?post=118"}],"curies":[{"name":"wp","href":"https:\/\/api.w.org\/{rel}","templated":true}]}}