{"id":1732,"date":"2026-04-29T15:18:10","date_gmt":"2026-04-29T18:18:10","guid":{"rendered":"https:\/\/plazacolonia.com.uy\/plaza\/?p=1732"},"modified":"2026-04-29T15:19:27","modified_gmt":"2026-04-29T18:19:27","slug":"sara-mediza-obtuvo-record-nacional-y-fue-citada-a-la-seleccion-uruguaya-para-el-sudamericano-de-chile","status":"publish","type":"post","link":"https:\/\/plazacolonia.com.uy\/plaza\/2026\/04\/29\/sara-mediza-obtuvo-record-nacional-y-fue-citada-a-la-seleccion-uruguaya-para-el-sudamericano-de-chile\/","title":{"rendered":"Sara Mediza obtuvo r\u00e9cord nacional y fue citada a la selecci\u00f3n uruguaya para el Sudamericano de Chile"},"content":{"rendered":"\n<p class=\"has-text-align-justify\" style=\"font-size:20px;font-style:normal;font-weight:400\">Un nuevo motivo para reforzar nuestro orgullo albiverde. Sara Mediza, integrante del equipo de Arquer\u00eda de nuestro Club Plaza de Deportes Colonia, logr\u00f3 un r\u00e9cord nacional en la categor\u00eda damas de arco \u201craso\u201d y fue convocada a la selecci\u00f3n uruguaya que disputar\u00e1 el Campeonato Sudamericano en Chile durante el mes de mayo. <\/p>\n\n\n\n<p class=\"has-text-align-justify\" style=\"font-size:20px;font-style:normal;font-weight:400\">El desempe\u00f1o que confirm\u00f3 la citaci\u00f3n al combinado celeste se dio en la segunda fecha nacional de torneos \u201coutdoor\u201d (tiros a larga distancia en lugar abierto), disputada el pasado domingo. All\u00ed, Sara complet\u00f3 una destacada ronda clasificatoria que le permiti\u00f3 obtener un puntaje r\u00e9cord para su categor\u00eda y culmin\u00f3 la jornada con el primer puesto en la instancia de \u201cduelos\u201d. <\/p>\n\n\n\n<p class=\"has-text-align-justify\" style=\"font-size:20px;font-style:normal;font-weight:400\">\u201cGracias al desempe\u00f1o obtenido en el a\u00f1o 2025 (en tiro a larga distancia, 50 metros) fui convocada a formar parte de la selecci\u00f3n uruguaya de tiro con arco en ocasi\u00f3n del torneo sudamericano a desarrollarse en Chile el pr\u00f3ximo mayo\u201d, confirm\u00f3 la propia deportista albiverde. <\/p>\n\n\n\n<p class=\"has-text-align-justify\" style=\"font-size:20px;font-style:normal;font-weight:400\"><strong>Grand Prix Americas en Santiago de Chile<\/strong> <\/p>\n\n\n\n<p class=\"has-text-align-justify\" style=\"font-size:20px;font-style:normal;font-weight:400\">El evento del que participar\u00e1 Sara es el Grand Prix Americas de tiro con arco, un certamen continental de primer nivel programado del 18 al 24 de mayo de 2026 en el Parque del Estadio Nacional de Santiago. Este circuito de ranking mundial forma parte del calendario oficial de World Archery Americas y promueve la competencia de alto nivel en la regi\u00f3n, con car\u00e1cter sudamericano y abierto al mundo. <\/p>\n\n\n\n<p class=\"has-text-align-justify\" style=\"font-size:20px;font-style:normal;font-weight:400\"><strong>Preparaci\u00f3n junto a su entrenador y hermano<\/strong> <\/p>\n\n\n\n<p class=\"has-text-align-justify\" style=\"font-size:20px;font-style:normal;font-weight:400\">Sara, quien practica tiro con arco desde hace tres a\u00f1os, compite actualmente dentro del grupo federado de tiradores participando en diferentes torneos anuales en representaci\u00f3n de nuestro club. De cara al Sudamericano, se prepara con un plan dise\u00f1ado junto a su entrenador y hermano, Oscar Mediza, mentor e impulsor de la disciplina. <\/p>\n\n\n\n<p class=\"has-text-align-justify\" style=\"font-size:20px;font-style:normal;font-weight:400\">\u201cEstamos a tres semanas del evento, pero en camino a \u00e9l es que comenzamos a ver resultados favorables en mi evoluci\u00f3n. Espero consolidar lo que me falta, superar mi desempe\u00f1o y ganar experiencia internacional\u201d, expres\u00f3 notoriamente entusiasmada la arquera coloniense.<\/p>\n\n\n\n<p class=\"has-text-align-justify\" style=\"font-size:20px;font-style:normal;font-weight:400\">Desde el Club Plaza de Deportes Colonia saludamos este nuevo logro de Sara y la acompa\u00f1amos con todo el aliento albiverde en este nuevo desaf\u00edo internacional.<\/p>\n\n\n<div class=\"wp-block-image\">\n<figure class=\"aligncenter size-large\"><img fetchpriority=\"high\" decoding=\"async\" width=\"1024\" height=\"182\" src=\"https:\/\/plazacolonia.com.uy\/plaza\/wp-content\/uploads\/2024\/01\/separador1-04-1024x182.png\" alt=\"\" class=\"wp-image-23\" srcset=\"https:\/\/plazacolonia.com.uy\/plaza\/wp-content\/uploads\/2024\/01\/separador1-04-1024x182.png 1024w, https:\/\/plazacolonia.com.uy\/plaza\/wp-content\/uploads\/2024\/01\/separador1-04-300x53.png 300w, https:\/\/plazacolonia.com.uy\/plaza\/wp-content\/uploads\/2024\/01\/separador1-04-768x137.png 768w, https:\/\/plazacolonia.com.uy\/plaza\/wp-content\/uploads\/2024\/01\/separador1-04-1536x273.png 1536w, https:\/\/plazacolonia.com.uy\/plaza\/wp-content\/uploads\/2024\/01\/separador1-04-2048x364.png 2048w\" sizes=\"(max-width: 1024px) 100vw, 1024px\" \/><\/figure>\n<\/div>","protected":false},"excerpt":{"rendered":"<p>Un nuevo motivo para reforzar nuestro orgullo albiverde. Sara Mediza, integrante del equipo de Arquer\u00eda de nuestro Club Plaza de Deportes Colonia, logr\u00f3 un r\u00e9cord nacional en la categor\u00eda damas de arco \u201craso\u201d y fue convocada a la selecci\u00f3n uruguaya que disputar\u00e1 el Campeonato Sudamericano en Chile durante el mes de mayo. El desempe\u00f1o que [&hellip;]<\/p>\n","protected":false},"author":4,"featured_media":1733,"comment_status":"open","ping_status":"open","sticky":false,"template":"","format":"standard","meta":{"footnotes":""},"categories":[3],"tags":[],"class_list":["post-1732","post","type-post","status-publish","format-standard","has-post-thumbnail","hentry","category-novedades"],"jetpack_sharing_enabled":true,"jetpack_featured_media_url":"https:\/\/plazacolonia.com.uy\/plaza\/wp-content\/uploads\/2026\/04\/Sara-Mediza.jpg","_links":{"self":[{"href":"https:\/\/plazacolonia.com.uy\/plaza\/wp-json\/wp\/v2\/posts\/1732","targetHints":{"allow":["GET"]}}],"collection":[{"href":"https:\/\/plazacolonia.com.uy\/plaza\/wp-json\/wp\/v2\/posts"}],"about":[{"href":"https:\/\/plazacolonia.com.uy\/plaza\/wp-json\/wp\/v2\/types\/post"}],"author":[{"embeddable":true,"href":"https:\/\/plazacolonia.com.uy\/plaza\/wp-json\/wp\/v2\/users\/4"}],"replies":[{"embeddable":true,"href":"https:\/\/plazacolonia.com.uy\/plaza\/wp-json\/wp\/v2\/comments?post=1732"}],"version-history":[{"count":1,"href":"https:\/\/plazacolonia.com.uy\/plaza\/wp-json\/wp\/v2\/posts\/1732\/revisions"}],"predecessor-version":[{"id":1734,"href":"https:\/\/plazacolonia.com.uy\/plaza\/wp-json\/wp\/v2\/posts\/1732\/revisions\/1734"}],"wp:featuredmedia":[{"embeddable":true,"href":"https:\/\/plazacolonia.com.uy\/plaza\/wp-json\/wp\/v2\/media\/1733"}],"wp:attachment":[{"href":"https:\/\/plazacolonia.com.uy\/plaza\/wp-json\/wp\/v2\/media?parent=1732"}],"wp:term":[{"taxonomy":"category","embeddable":true,"href":"https:\/\/plazacolonia.com.uy\/plaza\/wp-json\/wp\/v2\/categories?post=1732"},{"taxonomy":"post_tag","embeddable":true,"href":"https:\/\/plazacolonia.com.uy\/plaza\/wp-json\/wp\/v2\/tags?post=1732"}],"curies":[{"name":"wp","href":"https:\/\/api.w.org\/{rel}","templated":true}]}}