{"id":532,"date":"2024-02-01T19:07:32","date_gmt":"2024-02-01T22:07:32","guid":{"rendered":"https:\/\/plazacolonia.com.uy\/plaza\/?p=532"},"modified":"2024-02-02T11:34:51","modified_gmt":"2024-02-02T14:34:51","slug":"colonia-de-vacaciones-en-plaza","status":"publish","type":"post","link":"https:\/\/plazacolonia.com.uy\/plaza\/2024\/02\/01\/colonia-de-vacaciones-en-plaza\/","title":{"rendered":"Colonia de Vacaciones en Plaza"},"content":{"rendered":"\n<p>Y siii, tambi\u00e9n conocimos la bah\u00eda, en una experiencia formidable, tuvimos la posibilidad de dar una recorrida en barco, y la sorpresa no ha parado de generar buenas vivencias, adem\u00e1s de quedarnos con las ganas de volver por m\u00e1s, \u00bfCon qu\u00e9 nos esperar\u00e1n ma\u00f1ana los profes?<br>En este comienzo de a\u00f1o, hemos comenzado a transitar la experiencia de tener nuestra primer \u00abPlaza de Vacaciones\u00bb, en la misma; hemos resultado gratamente motivados por la posibilidad de ampliar nuestro rango de acci\u00f3n, practicando deportes y compartiendo buenos momentos s\u00f3lo por el hecho de pasarlo en forma estupenda.<br>En la foto, im\u00e1genes de la experiencia \u00abPaseo por\u00a0Nuestra\u00a0Bah\u00eda\u00bb<\/p>\n","protected":false},"excerpt":{"rendered":"<p>Y siii, tambi\u00e9n conocimos la bah\u00eda, en una experiencia formidable, tuvimos la posibilidad de dar una recorrida en barco, y la sorpresa no ha parado de generar buenas vivencias, adem\u00e1s de quedarnos con las ganas de volver por m\u00e1s, \u00bfCon qu\u00e9 nos esperar\u00e1n ma\u00f1ana los profes?En este comienzo de a\u00f1o, hemos comenzado a transitar la [&hellip;]<\/p>\n","protected":false},"author":2,"featured_media":533,"comment_status":"open","ping_status":"open","sticky":false,"template":"","format":"standard","meta":{"footnotes":""},"categories":[3],"tags":[],"class_list":["post-532","post","type-post","status-publish","format-standard","has-post-thumbnail","hentry","category-novedades"],"jetpack_sharing_enabled":true,"jetpack_featured_media_url":"https:\/\/plazacolonia.com.uy\/plaza\/wp-content\/uploads\/2024\/02\/Imagen-de-WhatsApp-2024-02-01-a-las-18.52.51_503083bc.jpg","_links":{"self":[{"href":"https:\/\/plazacolonia.com.uy\/plaza\/wp-json\/wp\/v2\/posts\/532","targetHints":{"allow":["GET"]}}],"collection":[{"href":"https:\/\/plazacolonia.com.uy\/plaza\/wp-json\/wp\/v2\/posts"}],"about":[{"href":"https:\/\/plazacolonia.com.uy\/plaza\/wp-json\/wp\/v2\/types\/post"}],"author":[{"embeddable":true,"href":"https:\/\/plazacolonia.com.uy\/plaza\/wp-json\/wp\/v2\/users\/2"}],"replies":[{"embeddable":true,"href":"https:\/\/plazacolonia.com.uy\/plaza\/wp-json\/wp\/v2\/comments?post=532"}],"version-history":[{"count":5,"href":"https:\/\/plazacolonia.com.uy\/plaza\/wp-json\/wp\/v2\/posts\/532\/revisions"}],"predecessor-version":[{"id":538,"href":"https:\/\/plazacolonia.com.uy\/plaza\/wp-json\/wp\/v2\/posts\/532\/revisions\/538"}],"wp:featuredmedia":[{"embeddable":true,"href":"https:\/\/plazacolonia.com.uy\/plaza\/wp-json\/wp\/v2\/media\/533"}],"wp:attachment":[{"href":"https:\/\/plazacolonia.com.uy\/plaza\/wp-json\/wp\/v2\/media?parent=532"}],"wp:term":[{"taxonomy":"category","embeddable":true,"href":"https:\/\/plazacolonia.com.uy\/plaza\/wp-json\/wp\/v2\/categories?post=532"},{"taxonomy":"post_tag","embeddable":true,"href":"https:\/\/plazacolonia.com.uy\/plaza\/wp-json\/wp\/v2\/tags?post=532"}],"curies":[{"name":"wp","href":"https:\/\/api.w.org\/{rel}","templated":true}]}}