{"id":705,"date":"2024-04-12T10:51:34","date_gmt":"2024-04-12T13:51:34","guid":{"rendered":"https:\/\/plazacolonia.com.uy\/plaza\/?p=705"},"modified":"2024-04-12T17:09:34","modified_gmt":"2024-04-12T20:09:34","slug":"agenda-pata-blanca","status":"publish","type":"post","link":"https:\/\/plazacolonia.com.uy\/plaza\/2024\/04\/12\/agenda-pata-blanca\/","title":{"rendered":"Agenda Pata Blanca"},"content":{"rendered":"\n<p>Futbol<br><strong>Cooper vs Plaza Colonia<\/strong><br>Por la 5a Fecha del Torneo Competencia, en el marco de la serie B, Plaza Colonia visita este viernes a las hora 12 a Cooper en el Parque Palermo de Montevideo<\/p>\n\n\n\n<p>Boxeo<br><strong>Sparring en Pe\u00f1arol de Montevideo<\/strong><br>Este viernes a partir de las 18 hs, los boxeadores profesionales del club, Mariachi Casero, Esequiel Alallon y Eduardo Mercadal realizar\u00e1n sesiones de sparring en el Palacio Pe\u00f1arol frente a los p\u00fagiles locales en el marco de la preparaci\u00f3n para nuestra velada internacional del viernes 17 de mayo.<\/p>\n\n\n\n<p>Basket<br><strong>Liga de Colonia masculina<\/strong><br>Este viernes desde las 21 hs en nuestro gimnasio Victor Manuel del Cerro y el domingo desde las 15:30, jugaremos contra independiente de Juan lacaze<br><strong>Liga del sur femenina<\/strong><br>Este s\u00e1bado competiremos en la 1a fecha del Torneo en el Club Remeros de Mercedes.<\/p>\n\n\n\n<p>F\u00fatbol Formativas<br><strong>Nacional vs Plaza Colonia<\/strong><br>Este fin de semana jugamos con Nacional en las juveniles de AUF. El s\u00e1bado desde las 10 hs en el Complejo Los C\u00e9spedes de Montevideo en 4a,  5a y S16, el domingo desde las 10 hs en el Miguel Campomar de Juan Lacaze en 6a y 7a divisi\u00f3n.<\/p>\n\n\n\n<p>Voley<br><strong>Recreativo<\/strong><br>Este fin de semana se disputa la actividad del voley recreativo femenino, la competencia comienza este s\u00e1bado a las 14 hs en el Gimnasio del Liceo. Participan Plaza Colonia, Tarariras, Valdense, Pica Flor SP, y los equipos Mami 1 y Mami 2<\/p>\n\n\n\n<p>Inclusi\u00f3n. <strong>Futsal Down<\/strong><br>En un nuevo encuentro de deporte inclusivo, este domingo se disputa la segunda jornada de Futsal Down en nuestro gimnasio con la participaci\u00f3n de Pe\u00f1arol de Montevideo, Sportivo Rod\u00f3 de Salto, y nuestro equipo Plaza Colonia<\/p>\n\n\n\n<p>Arquer\u00eda<br>El pr\u00f3ximo domingo catorce de abril una delegaci\u00f3n de Arqueria de nuestro Club representada por los hermanos Sara y Oscar Mediza concurren al primer torneo Outdoor 2024 en el Club Uruguayo de Arquer\u00eda de Montevideo.<br>El torneo es a la distancia de 50 metros y nuestros deportistas compiten a nivel Federado en arco Raso Senior Femenino y Masculino respectivamente.<\/p>\n\n\n\n<p>Babys<br>El pr\u00f3ximo s\u00e1bado 13 a partir de las 12:00 las categor\u00edas de babys entre 6 y 13 a\u00f1os disputar\u00e1n la 3era fecha del torneo apertura frente a Otto Wulff en la cancha Javier Bertin<\/p>\n","protected":false},"excerpt":{"rendered":"<p>FutbolCooper vs Plaza ColoniaPor la 5a Fecha del Torneo Competencia, en el marco de la serie B, Plaza Colonia visita este viernes a las hora 12 a Cooper en el Parque Palermo de Montevideo BoxeoSparring en Pe\u00f1arol de MontevideoEste viernes a partir de las 18 hs, los boxeadores profesionales del club, Mariachi Casero, Esequiel Alallon [&hellip;]<\/p>\n","protected":false},"author":2,"featured_media":706,"comment_status":"open","ping_status":"open","sticky":false,"template":"","format":"standard","meta":{"footnotes":""},"categories":[1,3],"tags":[],"class_list":["post-705","post","type-post","status-publish","format-standard","has-post-thumbnail","hentry","category-blog","category-novedades"],"jetpack_sharing_enabled":true,"jetpack_featured_media_url":"https:\/\/plazacolonia.com.uy\/plaza\/wp-content\/uploads\/2024\/04\/IMG_20240412_104714.jpg","_links":{"self":[{"href":"https:\/\/plazacolonia.com.uy\/plaza\/wp-json\/wp\/v2\/posts\/705","targetHints":{"allow":["GET"]}}],"collection":[{"href":"https:\/\/plazacolonia.com.uy\/plaza\/wp-json\/wp\/v2\/posts"}],"about":[{"href":"https:\/\/plazacolonia.com.uy\/plaza\/wp-json\/wp\/v2\/types\/post"}],"author":[{"embeddable":true,"href":"https:\/\/plazacolonia.com.uy\/plaza\/wp-json\/wp\/v2\/users\/2"}],"replies":[{"embeddable":true,"href":"https:\/\/plazacolonia.com.uy\/plaza\/wp-json\/wp\/v2\/comments?post=705"}],"version-history":[{"count":4,"href":"https:\/\/plazacolonia.com.uy\/plaza\/wp-json\/wp\/v2\/posts\/705\/revisions"}],"predecessor-version":[{"id":714,"href":"https:\/\/plazacolonia.com.uy\/plaza\/wp-json\/wp\/v2\/posts\/705\/revisions\/714"}],"wp:featuredmedia":[{"embeddable":true,"href":"https:\/\/plazacolonia.com.uy\/plaza\/wp-json\/wp\/v2\/media\/706"}],"wp:attachment":[{"href":"https:\/\/plazacolonia.com.uy\/plaza\/wp-json\/wp\/v2\/media?parent=705"}],"wp:term":[{"taxonomy":"category","embeddable":true,"href":"https:\/\/plazacolonia.com.uy\/plaza\/wp-json\/wp\/v2\/categories?post=705"},{"taxonomy":"post_tag","embeddable":true,"href":"https:\/\/plazacolonia.com.uy\/plaza\/wp-json\/wp\/v2\/tags?post=705"}],"curies":[{"name":"wp","href":"https:\/\/api.w.org\/{rel}","templated":true}]}}