{"id":746,"date":"2024-04-19T12:50:52","date_gmt":"2024-04-19T15:50:52","guid":{"rendered":"https:\/\/plazacolonia.com.uy\/plaza\/?p=746"},"modified":"2024-04-19T12:50:53","modified_gmt":"2024-04-19T15:50:53","slug":"agenda-patablanca","status":"publish","type":"post","link":"https:\/\/plazacolonia.com.uy\/plaza\/2024\/04\/19\/agenda-patablanca\/","title":{"rendered":"Agenda Patablanca"},"content":{"rendered":"\n<p>F\u00fatbol<br><strong>Plaza Colonia vs Rentistas<\/strong><\/p>\n\n\n\n<p>Este viernes a las 19 hs por el comienzo de la 6a Fecha del Torneo Competencia de la Segunda Divisi\u00f3n Profesional, el albiverde recibe a Rentistas en el Parque Cincuentenario Juan Gaspar Prandi<br>El encuentro se enmarca en la Serie B del torneo.<\/p>\n\n\n\n<p>Formativas<br><strong>Plaza Colonia vs Albion<\/strong><br>Por la 6a Fecha del Torneo de las Divisiones Juveniles de la AUF, nuestras Formativas jugar\u00e1n contra Albion. El d\u00eda s\u00e1bado recibimos al conjunto montevideano en el Miguel Campomar de Juan Lacaze con los siguientes horarios:<br>4a10 hs<br>5a 12 hs<br>Pre 5a 14 hs<\/p>\n\n\n\n<p>El domingo seremos visitantes en el Complejo Rentistas:<br>6a 14:30 hs<br>7a 16:30 hs<\/p>\n\n\n\n<p>Nataci\u00f3n<br><strong>Meeting Day<\/strong><br>Por el marco de la Categor\u00eda Infantiles B del Meeting Day de Montevideo que se desarroll\u00f3 en el Club Bigu\u00e1 de Villa Biarritz, nuestro equipo de nataci\u00f3n estar\u00e1 representado por 2 nadadoras<\/p>\n\n\n\n<p>Arquer\u00eda<br><strong>Curso de arquer\u00eda<\/strong><br>Este fin de semana contin\u00faa la capacitaci\u00f3n correspondiente al curso de arqueros que aporta cada d\u00eda m\u00e1s deportistas especializados en la disciplina para nuestra instituci\u00f3n<\/p>\n","protected":false},"excerpt":{"rendered":"<p>F\u00fatbolPlaza Colonia vs Rentistas Este viernes a las 19 hs por el comienzo de la 6a Fecha del Torneo Competencia de la Segunda Divisi\u00f3n Profesional, el albiverde recibe a Rentistas en el Parque Cincuentenario Juan Gaspar PrandiEl encuentro se enmarca en la Serie B del torneo. FormativasPlaza Colonia vs AlbionPor la 6a Fecha del Torneo [&hellip;]<\/p>\n","protected":false},"author":2,"featured_media":706,"comment_status":"open","ping_status":"open","sticky":false,"template":"","format":"standard","meta":{"footnotes":""},"categories":[3],"tags":[],"class_list":["post-746","post","type-post","status-publish","format-standard","has-post-thumbnail","hentry","category-novedades"],"jetpack_sharing_enabled":true,"jetpack_featured_media_url":"https:\/\/plazacolonia.com.uy\/plaza\/wp-content\/uploads\/2024\/04\/IMG_20240412_104714.jpg","_links":{"self":[{"href":"https:\/\/plazacolonia.com.uy\/plaza\/wp-json\/wp\/v2\/posts\/746","targetHints":{"allow":["GET"]}}],"collection":[{"href":"https:\/\/plazacolonia.com.uy\/plaza\/wp-json\/wp\/v2\/posts"}],"about":[{"href":"https:\/\/plazacolonia.com.uy\/plaza\/wp-json\/wp\/v2\/types\/post"}],"author":[{"embeddable":true,"href":"https:\/\/plazacolonia.com.uy\/plaza\/wp-json\/wp\/v2\/users\/2"}],"replies":[{"embeddable":true,"href":"https:\/\/plazacolonia.com.uy\/plaza\/wp-json\/wp\/v2\/comments?post=746"}],"version-history":[{"count":1,"href":"https:\/\/plazacolonia.com.uy\/plaza\/wp-json\/wp\/v2\/posts\/746\/revisions"}],"predecessor-version":[{"id":747,"href":"https:\/\/plazacolonia.com.uy\/plaza\/wp-json\/wp\/v2\/posts\/746\/revisions\/747"}],"wp:featuredmedia":[{"embeddable":true,"href":"https:\/\/plazacolonia.com.uy\/plaza\/wp-json\/wp\/v2\/media\/706"}],"wp:attachment":[{"href":"https:\/\/plazacolonia.com.uy\/plaza\/wp-json\/wp\/v2\/media?parent=746"}],"wp:term":[{"taxonomy":"category","embeddable":true,"href":"https:\/\/plazacolonia.com.uy\/plaza\/wp-json\/wp\/v2\/categories?post=746"},{"taxonomy":"post_tag","embeddable":true,"href":"https:\/\/plazacolonia.com.uy\/plaza\/wp-json\/wp\/v2\/tags?post=746"}],"curies":[{"name":"wp","href":"https:\/\/api.w.org\/{rel}","templated":true}]}}