{"id":762,"date":"2024-04-26T15:50:55","date_gmt":"2024-04-26T18:50:55","guid":{"rendered":"https:\/\/plazacolonia.com.uy\/plaza\/?p=762"},"modified":"2024-04-26T15:50:56","modified_gmt":"2024-04-26T18:50:56","slug":"agenda-patablanca-2","status":"publish","type":"post","link":"https:\/\/plazacolonia.com.uy\/plaza\/2024\/04\/26\/agenda-patablanca-2\/","title":{"rendered":"Agenda Patablanca"},"content":{"rendered":"\n<p>Futbol<\/p>\n\n\n\n<p><strong>Col\u00f3n vs Plaza Colonia<\/strong><\/p>\n\n\n\n<p>Este s\u00e1bado a las 15 hs por la 7a Fecha del Torneo Competencia de la Segunda Divisi\u00f3n Profesional, el albiverde visita a Col\u00f3n en el Parque Palermo.<\/p>\n\n\n\n<p>El encuentro se enmarca en la serie B del Torneo<\/p>\n\n\n\n<p>Basketball<\/p>\n\n\n\n<p><strong>Liga Femenina<\/strong><\/p>\n\n\n\n<p>Por la 2a Fecha de la liga del Sur femenina, nuestras chicas reciben a Estudiantes este domingo con los siguientes horarios:<\/p>\n\n\n\n<p>U14 a las 14 hs<\/p>\n\n\n\n<p>U12 a las 16 hs<\/p>\n\n\n\n<p>U16 a las 17:30 hs<\/p>\n\n\n\n<p><strong>Liga de Colonia<\/strong><\/p>\n\n\n\n<p>Por la Fecha 3 de la liga masculina de basket el equipo albiverde recibe al Club Colonia Rowing con el siguiente detalle:<\/p>\n\n\n\n<p>Domingo 28<\/p>\n\n\n\n<p>U10 a las 10 hs<\/p>\n\n\n\n<p>U12 a las 11 hrs<\/p>\n\n\n\n<p>Lunes 29 <\/p>\n\n\n\n<p>U14  a las 19 hs<\/p>\n\n\n\n<p>U16 a las 20:30 hs<\/p>\n\n\n\n<p><\/p>\n\n\n\n<p>Arquer\u00eda<\/p>\n\n\n\n<p><strong>Primer Torneo Federado 3 D<\/strong><\/p>\n\n\n\n<p>Este fin de semana una delegaci\u00f3n integrada por nuestros deportistas Mat\u00edas Fern\u00e1ndez, Natalia Horonoz, Laura Farkas, Sara Mediza y Oscar Mediza, nos representar\u00e1n en el primer Torneo Federado 3 D, organizado por el Club Ceibo Blanco en San Jos\u00e9, la competencia consta de un total de 24 blancos <\/p>\n\n\n\n<p>Handball<\/p>\n\n\n\n<p><strong>Debut Sub 15<\/strong><\/p>\n\n\n\n<p>Este s\u00e1bado debutan nuestras chicas Sub 15, enfrentando a Sayago Verde a las 10 hs y jugando con Sayago Azul a las 12 hs en el Gimnasio Polideportivo de La Paz.<\/p>\n","protected":false},"excerpt":{"rendered":"<p>Futbol Col\u00f3n vs Plaza Colonia Este s\u00e1bado a las 15 hs por la 7a Fecha del Torneo Competencia de la Segunda Divisi\u00f3n Profesional, el albiverde visita a Col\u00f3n en el Parque Palermo. El encuentro se enmarca en la serie B del Torneo Basketball Liga Femenina Por la 2a Fecha de la liga del Sur femenina, [&hellip;]<\/p>\n","protected":false},"author":2,"featured_media":706,"comment_status":"open","ping_status":"open","sticky":false,"template":"","format":"standard","meta":{"footnotes":""},"categories":[3],"tags":[],"class_list":["post-762","post","type-post","status-publish","format-standard","has-post-thumbnail","hentry","category-novedades"],"jetpack_sharing_enabled":true,"jetpack_featured_media_url":"https:\/\/plazacolonia.com.uy\/plaza\/wp-content\/uploads\/2024\/04\/IMG_20240412_104714.jpg","_links":{"self":[{"href":"https:\/\/plazacolonia.com.uy\/plaza\/wp-json\/wp\/v2\/posts\/762","targetHints":{"allow":["GET"]}}],"collection":[{"href":"https:\/\/plazacolonia.com.uy\/plaza\/wp-json\/wp\/v2\/posts"}],"about":[{"href":"https:\/\/plazacolonia.com.uy\/plaza\/wp-json\/wp\/v2\/types\/post"}],"author":[{"embeddable":true,"href":"https:\/\/plazacolonia.com.uy\/plaza\/wp-json\/wp\/v2\/users\/2"}],"replies":[{"embeddable":true,"href":"https:\/\/plazacolonia.com.uy\/plaza\/wp-json\/wp\/v2\/comments?post=762"}],"version-history":[{"count":1,"href":"https:\/\/plazacolonia.com.uy\/plaza\/wp-json\/wp\/v2\/posts\/762\/revisions"}],"predecessor-version":[{"id":763,"href":"https:\/\/plazacolonia.com.uy\/plaza\/wp-json\/wp\/v2\/posts\/762\/revisions\/763"}],"wp:featuredmedia":[{"embeddable":true,"href":"https:\/\/plazacolonia.com.uy\/plaza\/wp-json\/wp\/v2\/media\/706"}],"wp:attachment":[{"href":"https:\/\/plazacolonia.com.uy\/plaza\/wp-json\/wp\/v2\/media?parent=762"}],"wp:term":[{"taxonomy":"category","embeddable":true,"href":"https:\/\/plazacolonia.com.uy\/plaza\/wp-json\/wp\/v2\/categories?post=762"},{"taxonomy":"post_tag","embeddable":true,"href":"https:\/\/plazacolonia.com.uy\/plaza\/wp-json\/wp\/v2\/tags?post=762"}],"curies":[{"name":"wp","href":"https:\/\/api.w.org\/{rel}","templated":true}]}}