{"id":923,"date":"2024-06-20T18:13:04","date_gmt":"2024-06-20T21:13:04","guid":{"rendered":"https:\/\/plazacolonia.com.uy\/plaza\/?p=923"},"modified":"2024-06-20T18:13:05","modified_gmt":"2024-06-20T21:13:05","slug":"conversatorio-alex-rebe","status":"publish","type":"post","link":"https:\/\/plazacolonia.com.uy\/plaza\/2024\/06\/20\/conversatorio-alex-rebe\/","title":{"rendered":"Conversatorio Alex &amp; Rebe"},"content":{"rendered":"\n<p>Este 27 de junio queremos invitarlos a ser parte de la charla de vida de Alex y Rebe, quienes nos compartir\u00e1n su inspiradora vivencia.<br>Alex y Rebe han participado en sesiones en Latinoam\u00e9rica, conversando acerca de resiliencia, adaptabilidad, inclusi\u00f3n, motivaci\u00f3n e inspiraci\u00f3n dentro del contexto profesional y personal. Tambi\u00e9n han desarrollado charlas de concientizaci\u00f3n en seguridad, haciendo \u00e9nfasis en la toma de decisiones acertadas, su historia sin duda merece ser compartida con todos ustedes.<br>Los esperamos el 27 de junio, a las 10:30 hrs en el Club Plaza Colonia para compartir con Alex y Rebe.<\/p>\n","protected":false},"excerpt":{"rendered":"<p>Este 27 de junio queremos invitarlos a ser parte de la charla de vida de Alex y Rebe, quienes nos compartir\u00e1n su inspiradora vivencia.Alex y Rebe han participado en sesiones en Latinoam\u00e9rica, conversando acerca de resiliencia, adaptabilidad, inclusi\u00f3n, motivaci\u00f3n e inspiraci\u00f3n dentro del contexto profesional y personal. Tambi\u00e9n han desarrollado charlas de concientizaci\u00f3n en seguridad, [&hellip;]<\/p>\n","protected":false},"author":2,"featured_media":924,"comment_status":"open","ping_status":"open","sticky":false,"template":"","format":"standard","meta":{"footnotes":""},"categories":[10,3],"tags":[],"class_list":["post-923","post","type-post","status-publish","format-standard","has-post-thumbnail","hentry","category-inclusion","category-novedades"],"jetpack_sharing_enabled":true,"jetpack_featured_media_url":"https:\/\/plazacolonia.com.uy\/plaza\/wp-content\/uploads\/2024\/06\/IMG-20240620-WA0016.jpg","_links":{"self":[{"href":"https:\/\/plazacolonia.com.uy\/plaza\/wp-json\/wp\/v2\/posts\/923","targetHints":{"allow":["GET"]}}],"collection":[{"href":"https:\/\/plazacolonia.com.uy\/plaza\/wp-json\/wp\/v2\/posts"}],"about":[{"href":"https:\/\/plazacolonia.com.uy\/plaza\/wp-json\/wp\/v2\/types\/post"}],"author":[{"embeddable":true,"href":"https:\/\/plazacolonia.com.uy\/plaza\/wp-json\/wp\/v2\/users\/2"}],"replies":[{"embeddable":true,"href":"https:\/\/plazacolonia.com.uy\/plaza\/wp-json\/wp\/v2\/comments?post=923"}],"version-history":[{"count":1,"href":"https:\/\/plazacolonia.com.uy\/plaza\/wp-json\/wp\/v2\/posts\/923\/revisions"}],"predecessor-version":[{"id":925,"href":"https:\/\/plazacolonia.com.uy\/plaza\/wp-json\/wp\/v2\/posts\/923\/revisions\/925"}],"wp:featuredmedia":[{"embeddable":true,"href":"https:\/\/plazacolonia.com.uy\/plaza\/wp-json\/wp\/v2\/media\/924"}],"wp:attachment":[{"href":"https:\/\/plazacolonia.com.uy\/plaza\/wp-json\/wp\/v2\/media?parent=923"}],"wp:term":[{"taxonomy":"category","embeddable":true,"href":"https:\/\/plazacolonia.com.uy\/plaza\/wp-json\/wp\/v2\/categories?post=923"},{"taxonomy":"post_tag","embeddable":true,"href":"https:\/\/plazacolonia.com.uy\/plaza\/wp-json\/wp\/v2\/tags?post=923"}],"curies":[{"name":"wp","href":"https:\/\/api.w.org\/{rel}","templated":true}]}}