{"id":927,"date":"2024-06-21T19:30:48","date_gmt":"2024-06-21T22:30:48","guid":{"rendered":"https:\/\/plazacolonia.com.uy\/plaza\/?p=927"},"modified":"2024-06-21T19:30:49","modified_gmt":"2024-06-21T22:30:49","slug":"agenda-patablanca-9","status":"publish","type":"post","link":"https:\/\/plazacolonia.com.uy\/plaza\/2024\/06\/21\/agenda-patablanca-9\/","title":{"rendered":"Agenda Patablanca"},"content":{"rendered":"\n<p><strong>Baby f\u00fatbol<\/strong><\/p>\n\n\n\n<p>Este fin de semana, en la medida que el tiempo lo permita, se jugar\u00e1n las semifinales de la Liga de F\u00fatbol Infantil de Colona. El s\u00e1bado desde las 12, la 2012 juega por el Oficial contra Juventud. El domingo por su parte, la 2017 se enfrenta a Otto Wulff por el Oficial, la 2014 va por el bronce ante Nacional, la 2013 con Otto Wulff por el Oficial, la 2015 contra San Carlos por el Oficial y la 2011 tambi\u00e9n por el Oficial ante Otto Wulff. El lunes, la 2016 juega ante El General por el Oficial<\/p>\n\n\n\n<p><strong>Basket<\/strong><\/p>\n\n\n\n<p>Por la Liga de Colonia en Plaza<br>Domingo vs JUVENTUD<br>10:00 U10<br>11:00 U12<\/p>\n\n\n\n<p>Por la Liga Femenina en Plaza<br>S\u00e1bado vs UNIVERSAL SJ<br>11:00 U12<br>13:00 U14<\/p>\n\n\n\n<p><strong>Handball<\/strong><\/p>\n\n\n\n<p>S\u00e1bado 22\/6<\/p>\n\n\n\n<p>Gimnasio St Patrick\u2019s &#8211; Montevideo<\/p>\n\n\n\n<p>Femenino Sub 15, cierre del apertura<\/p>\n\n\n\n<p>14:00hs Plaza Colonia vs C.S La Paz<\/p>\n\n\n\n<p>16:20hs Plaza Colonia vs Old Christians<\/p>\n\n\n\n<p><strong>Formativas<\/strong><\/p>\n\n\n\n<p>Por la 14a Fecha, las juveniles de Plaza Colonia enfrentan a Paysand\u00fa FC<\/p>\n\n\n\n<p>S\u00e1bado en la Heroica desde las 11, S19, S17 y S16<\/p>\n\n\n\n<p>Domingo en Juan Lacaze desde las 11 hs S15 y S14<\/p>\n\n\n\n<p><strong>F\u00fatbol<\/strong><\/p>\n\n\n\n<p>Por la 8a Fecha de la Fase Regular de la Segunda Divisi\u00f3n, Plaza Colonia visita a Col\u00f3n este domingo a las 19:30 hs en el Parque Palermo de Montevideo<\/p>\n","protected":false},"excerpt":{"rendered":"<p>Baby f\u00fatbol Este fin de semana, en la medida que el tiempo lo permita, se jugar\u00e1n las semifinales de la Liga de F\u00fatbol Infantil de Colona. El s\u00e1bado desde las 12, la 2012 juega por el Oficial contra Juventud. El domingo por su parte, la 2017 se enfrenta a Otto Wulff por el Oficial, la [&hellip;]<\/p>\n","protected":false},"author":2,"featured_media":706,"comment_status":"open","ping_status":"open","sticky":false,"template":"","format":"standard","meta":{"footnotes":""},"categories":[3],"tags":[],"class_list":["post-927","post","type-post","status-publish","format-standard","has-post-thumbnail","hentry","category-novedades"],"jetpack_sharing_enabled":true,"jetpack_featured_media_url":"https:\/\/plazacolonia.com.uy\/plaza\/wp-content\/uploads\/2024\/04\/IMG_20240412_104714.jpg","_links":{"self":[{"href":"https:\/\/plazacolonia.com.uy\/plaza\/wp-json\/wp\/v2\/posts\/927","targetHints":{"allow":["GET"]}}],"collection":[{"href":"https:\/\/plazacolonia.com.uy\/plaza\/wp-json\/wp\/v2\/posts"}],"about":[{"href":"https:\/\/plazacolonia.com.uy\/plaza\/wp-json\/wp\/v2\/types\/post"}],"author":[{"embeddable":true,"href":"https:\/\/plazacolonia.com.uy\/plaza\/wp-json\/wp\/v2\/users\/2"}],"replies":[{"embeddable":true,"href":"https:\/\/plazacolonia.com.uy\/plaza\/wp-json\/wp\/v2\/comments?post=927"}],"version-history":[{"count":1,"href":"https:\/\/plazacolonia.com.uy\/plaza\/wp-json\/wp\/v2\/posts\/927\/revisions"}],"predecessor-version":[{"id":928,"href":"https:\/\/plazacolonia.com.uy\/plaza\/wp-json\/wp\/v2\/posts\/927\/revisions\/928"}],"wp:featuredmedia":[{"embeddable":true,"href":"https:\/\/plazacolonia.com.uy\/plaza\/wp-json\/wp\/v2\/media\/706"}],"wp:attachment":[{"href":"https:\/\/plazacolonia.com.uy\/plaza\/wp-json\/wp\/v2\/media?parent=927"}],"wp:term":[{"taxonomy":"category","embeddable":true,"href":"https:\/\/plazacolonia.com.uy\/plaza\/wp-json\/wp\/v2\/categories?post=927"},{"taxonomy":"post_tag","embeddable":true,"href":"https:\/\/plazacolonia.com.uy\/plaza\/wp-json\/wp\/v2\/tags?post=927"}],"curies":[{"name":"wp","href":"https:\/\/api.w.org\/{rel}","templated":true}]}}